{"id":97,"date":"2011-04-14T01:20:33","date_gmt":"2011-04-14T05:20:33","guid":{"rendered":"http:\/\/gobiernoparroquialremigiocrespo.gob.ec\/azuay\/?p=97"},"modified":"2011-04-14T01:20:33","modified_gmt":"2011-04-14T05:20:33","slug":"historia","status":"publish","type":"post","link":"https:\/\/gobiernoparroquialremigiocrespo.gob.ec\/azuay\/historia\/","title":{"rendered":"Historia"},"content":{"rendered":"<p style=\"text-align: justify;\">Se instaur\u00f3 como parroquia el 1ro. de febrero del a\u00f1o 1.940, anteriormente perteneci\u00f3 como anejo a la parroquia El Oriente (hoy Daniel C\u00f3rdova Toral). Lo denominaron como Remigio Crespo Toral, en homenaje al ilustre poeta cuencano. Al centro parroquial, los pobladores lo conocen como \u201cGulag\u201d.<\/p>\n","protected":false},"excerpt":{"rendered":"<p>Se instaur\u00f3 como parroquia el 1ro. de febrero del a\u00f1o 1.940, anteriormente perteneci\u00f3 como anejo a la parroquia El Oriente (hoy Daniel C\u00f3rdova Toral). Lo denominaron como Remigio Crespo Toral, en homenaje al ilustre poeta cuencano. Al centro parroquial, los pobladores lo conocen como \u201cGulag\u201d.<\/p>\n","protected":false},"author":8,"featured_media":0,"comment_status":"closed","ping_status":"closed","sticky":false,"template":"","format":"standard","meta":{"footnotes":""},"categories":[1],"tags":[],"class_list":["post-97","post","type-post","status-publish","format-standard","hentry","category-sin-categoria"],"yoast_head":"<!-- This site is optimized with the Yoast SEO plugin v24.1 - https:\/\/yoast.com\/wordpress\/plugins\/seo\/ -->\n<title>Historia - GAD Parroquial de Remigio Crespo Toral<\/title>\n<meta name=\"robots\" content=\"index, follow, max-snippet:-1, max-image-preview:large, max-video-preview:-1\" \/>\n<link rel=\"canonical\" href=\"https:\/\/gobiernoparroquialremigiocrespo.gob.ec\/azuay\/historia\/\" \/>\n<meta property=\"og:locale\" content=\"es_ES\" \/>\n<meta property=\"og:type\" content=\"article\" \/>\n<meta property=\"og:title\" content=\"Historia - GAD Parroquial de Remigio Crespo Toral\" \/>\n<meta property=\"og:description\" content=\"Se instaur\u00f3 como parroquia el 1ro. de febrero del a\u00f1o 1.940, anteriormente perteneci\u00f3 como anejo a la parroquia El Oriente (hoy Daniel C\u00f3rdova Toral). Lo denominaron como Remigio Crespo Toral, en homenaje al ilustre poeta cuencano. Al centro parroquial, los pobladores lo conocen como \u201cGulag\u201d.\" \/>\n<meta property=\"og:url\" content=\"https:\/\/gobiernoparroquialremigiocrespo.gob.ec\/azuay\/historia\/\" \/>\n<meta property=\"og:site_name\" content=\"GAD Parroquial de Remigio Crespo Toral\" \/>\n<meta property=\"article:published_time\" content=\"2011-04-14T05:20:33+00:00\" \/>\n<meta name=\"author\" content=\"agobiernoparroquialremigiocrespo\" \/>\n<meta name=\"twitter:card\" content=\"summary_large_image\" \/>\n<meta name=\"twitter:label1\" content=\"Escrito por\" \/>\n\t<meta name=\"twitter:data1\" content=\"agobiernoparroquialremigiocrespo\" \/>\n<script type=\"application\/ld+json\" class=\"yoast-schema-graph\">{\"@context\":\"https:\/\/schema.org\",\"@graph\":[{\"@type\":\"WebPage\",\"@id\":\"https:\/\/gobiernoparroquialremigiocrespo.gob.ec\/azuay\/historia\/\",\"url\":\"https:\/\/gobiernoparroquialremigiocrespo.gob.ec\/azuay\/historia\/\",\"name\":\"Historia - GAD Parroquial de Remigio Crespo Toral\",\"isPartOf\":{\"@id\":\"https:\/\/gobiernoparroquialremigiocrespo.gob.ec\/azuay\/#website\"},\"datePublished\":\"2011-04-14T05:20:33+00:00\",\"dateModified\":\"2011-04-14T05:20:33+00:00\",\"author\":{\"@id\":\"https:\/\/gobiernoparroquialremigiocrespo.gob.ec\/azuay\/#\/schema\/person\/e3d1e1e8999a1eb4e9a41aa8e30f50eb\"},\"breadcrumb\":{\"@id\":\"https:\/\/gobiernoparroquialremigiocrespo.gob.ec\/azuay\/historia\/#breadcrumb\"},\"inLanguage\":\"es\",\"potentialAction\":[{\"@type\":\"ReadAction\",\"target\":[\"https:\/\/gobiernoparroquialremigiocrespo.gob.ec\/azuay\/historia\/\"]}]},{\"@type\":\"BreadcrumbList\",\"@id\":\"https:\/\/gobiernoparroquialremigiocrespo.gob.ec\/azuay\/historia\/#breadcrumb\",\"itemListElement\":[{\"@type\":\"ListItem\",\"position\":1,\"name\":\"Home\",\"item\":\"https:\/\/gobiernoparroquialremigiocrespo.gob.ec\/azuay\/\"},{\"@type\":\"ListItem\",\"position\":2,\"name\":\"Historia\"}]},{\"@type\":\"WebSite\",\"@id\":\"https:\/\/gobiernoparroquialremigiocrespo.gob.ec\/azuay\/#website\",\"url\":\"https:\/\/gobiernoparroquialremigiocrespo.gob.ec\/azuay\/\",\"name\":\"GAD Parroquial de Remigio Crespo Toral\",\"description\":\"Sitio Oficial de  la Parroquia de Remigio Crespo Toral\",\"potentialAction\":[{\"@type\":\"SearchAction\",\"target\":{\"@type\":\"EntryPoint\",\"urlTemplate\":\"https:\/\/gobiernoparroquialremigiocrespo.gob.ec\/azuay\/?s={search_term_string}\"},\"query-input\":{\"@type\":\"PropertyValueSpecification\",\"valueRequired\":true,\"valueName\":\"search_term_string\"}}],\"inLanguage\":\"es\"},{\"@type\":\"Person\",\"@id\":\"https:\/\/gobiernoparroquialremigiocrespo.gob.ec\/azuay\/#\/schema\/person\/e3d1e1e8999a1eb4e9a41aa8e30f50eb\",\"name\":\"agobiernoparroquialremigiocrespo\",\"image\":{\"@type\":\"ImageObject\",\"inLanguage\":\"es\",\"@id\":\"https:\/\/gobiernoparroquialremigiocrespo.gob.ec\/azuay\/#\/schema\/person\/image\/\",\"url\":\"https:\/\/secure.gravatar.com\/avatar\/b7ceb8d4252728c0b1d1cd3b9cad0763b9c634e606648daa884e5ee6d60d6ebc?s=96&d=mm&r=g\",\"contentUrl\":\"https:\/\/secure.gravatar.com\/avatar\/b7ceb8d4252728c0b1d1cd3b9cad0763b9c634e606648daa884e5ee6d60d6ebc?s=96&d=mm&r=g\",\"caption\":\"agobiernoparroquialremigiocrespo\"},\"url\":\"https:\/\/gobiernoparroquialremigiocrespo.gob.ec\/azuay\/author\/agobiernoparroquialremigiocrespo\/\"}]}<\/script>\n<!-- \/ Yoast SEO plugin. -->","yoast_head_json":{"title":"Historia - GAD Parroquial de Remigio Crespo Toral","robots":{"index":"index","follow":"follow","max-snippet":"max-snippet:-1","max-image-preview":"max-image-preview:large","max-video-preview":"max-video-preview:-1"},"canonical":"https:\/\/gobiernoparroquialremigiocrespo.gob.ec\/azuay\/historia\/","og_locale":"es_ES","og_type":"article","og_title":"Historia - GAD Parroquial de Remigio Crespo Toral","og_description":"Se instaur\u00f3 como parroquia el 1ro. de febrero del a\u00f1o 1.940, anteriormente perteneci\u00f3 como anejo a la parroquia El Oriente (hoy Daniel C\u00f3rdova Toral). Lo denominaron como Remigio Crespo Toral, en homenaje al ilustre poeta cuencano. Al centro parroquial, los pobladores lo conocen como \u201cGulag\u201d.","og_url":"https:\/\/gobiernoparroquialremigiocrespo.gob.ec\/azuay\/historia\/","og_site_name":"GAD Parroquial de Remigio Crespo Toral","article_published_time":"2011-04-14T05:20:33+00:00","author":"agobiernoparroquialremigiocrespo","twitter_card":"summary_large_image","twitter_misc":{"Escrito por":"agobiernoparroquialremigiocrespo"},"schema":{"@context":"https:\/\/schema.org","@graph":[{"@type":"WebPage","@id":"https:\/\/gobiernoparroquialremigiocrespo.gob.ec\/azuay\/historia\/","url":"https:\/\/gobiernoparroquialremigiocrespo.gob.ec\/azuay\/historia\/","name":"Historia - GAD Parroquial de Remigio Crespo Toral","isPartOf":{"@id":"https:\/\/gobiernoparroquialremigiocrespo.gob.ec\/azuay\/#website"},"datePublished":"2011-04-14T05:20:33+00:00","dateModified":"2011-04-14T05:20:33+00:00","author":{"@id":"https:\/\/gobiernoparroquialremigiocrespo.gob.ec\/azuay\/#\/schema\/person\/e3d1e1e8999a1eb4e9a41aa8e30f50eb"},"breadcrumb":{"@id":"https:\/\/gobiernoparroquialremigiocrespo.gob.ec\/azuay\/historia\/#breadcrumb"},"inLanguage":"es","potentialAction":[{"@type":"ReadAction","target":["https:\/\/gobiernoparroquialremigiocrespo.gob.ec\/azuay\/historia\/"]}]},{"@type":"BreadcrumbList","@id":"https:\/\/gobiernoparroquialremigiocrespo.gob.ec\/azuay\/historia\/#breadcrumb","itemListElement":[{"@type":"ListItem","position":1,"name":"Home","item":"https:\/\/gobiernoparroquialremigiocrespo.gob.ec\/azuay\/"},{"@type":"ListItem","position":2,"name":"Historia"}]},{"@type":"WebSite","@id":"https:\/\/gobiernoparroquialremigiocrespo.gob.ec\/azuay\/#website","url":"https:\/\/gobiernoparroquialremigiocrespo.gob.ec\/azuay\/","name":"GAD Parroquial de Remigio Crespo Toral","description":"Sitio Oficial de  la Parroquia de Remigio Crespo Toral","potentialAction":[{"@type":"SearchAction","target":{"@type":"EntryPoint","urlTemplate":"https:\/\/gobiernoparroquialremigiocrespo.gob.ec\/azuay\/?s={search_term_string}"},"query-input":{"@type":"PropertyValueSpecification","valueRequired":true,"valueName":"search_term_string"}}],"inLanguage":"es"},{"@type":"Person","@id":"https:\/\/gobiernoparroquialremigiocrespo.gob.ec\/azuay\/#\/schema\/person\/e3d1e1e8999a1eb4e9a41aa8e30f50eb","name":"agobiernoparroquialremigiocrespo","image":{"@type":"ImageObject","inLanguage":"es","@id":"https:\/\/gobiernoparroquialremigiocrespo.gob.ec\/azuay\/#\/schema\/person\/image\/","url":"https:\/\/secure.gravatar.com\/avatar\/b7ceb8d4252728c0b1d1cd3b9cad0763b9c634e606648daa884e5ee6d60d6ebc?s=96&d=mm&r=g","contentUrl":"https:\/\/secure.gravatar.com\/avatar\/b7ceb8d4252728c0b1d1cd3b9cad0763b9c634e606648daa884e5ee6d60d6ebc?s=96&d=mm&r=g","caption":"agobiernoparroquialremigiocrespo"},"url":"https:\/\/gobiernoparroquialremigiocrespo.gob.ec\/azuay\/author\/agobiernoparroquialremigiocrespo\/"}]}},"_links":{"self":[{"href":"https:\/\/gobiernoparroquialremigiocrespo.gob.ec\/azuay\/wp-json\/wp\/v2\/posts\/97","targetHints":{"allow":["GET"]}}],"collection":[{"href":"https:\/\/gobiernoparroquialremigiocrespo.gob.ec\/azuay\/wp-json\/wp\/v2\/posts"}],"about":[{"href":"https:\/\/gobiernoparroquialremigiocrespo.gob.ec\/azuay\/wp-json\/wp\/v2\/types\/post"}],"author":[{"embeddable":true,"href":"https:\/\/gobiernoparroquialremigiocrespo.gob.ec\/azuay\/wp-json\/wp\/v2\/users\/8"}],"replies":[{"embeddable":true,"href":"https:\/\/gobiernoparroquialremigiocrespo.gob.ec\/azuay\/wp-json\/wp\/v2\/comments?post=97"}],"version-history":[{"count":0,"href":"https:\/\/gobiernoparroquialremigiocrespo.gob.ec\/azuay\/wp-json\/wp\/v2\/posts\/97\/revisions"}],"wp:attachment":[{"href":"https:\/\/gobiernoparroquialremigiocrespo.gob.ec\/azuay\/wp-json\/wp\/v2\/media?parent=97"}],"wp:term":[{"taxonomy":"category","embeddable":true,"href":"https:\/\/gobiernoparroquialremigiocrespo.gob.ec\/azuay\/wp-json\/wp\/v2\/categories?post=97"},{"taxonomy":"post_tag","embeddable":true,"href":"https:\/\/gobiernoparroquialremigiocrespo.gob.ec\/azuay\/wp-json\/wp\/v2\/tags?post=97"}],"curies":[{"name":"wp","href":"https:\/\/api.w.org\/{rel}","templated":true}]}}