{"id":114,"date":"2011-10-04T16:08:39","date_gmt":"2011-10-04T20:08:39","guid":{"rendered":"http:\/\/gobiernoparroquialremigiocrespo.gob.ec\/azuay\/?p=114"},"modified":"2011-10-04T16:08:39","modified_gmt":"2011-10-04T20:08:39","slug":"leyendas-y-tradiciones","status":"publish","type":"post","link":"https:\/\/gobiernoparroquialremigiocrespo.gob.ec\/azuay\/leyendas-y-tradiciones\/","title":{"rendered":"Leyendas y tradiciones"},"content":{"rendered":"<p style=\"text-align: center;\"><strong>Casas de Integraci\u00f3n<\/strong><\/p>\n<p style=\"text-align: center;\"><strong><img loading=\"lazy\" decoding=\"async\" class=\" size-full wp-image-113\" alt=\"image005_600x301\" src=\"http:\/\/gobiernoparroquialremigiocrespo.gob.ec\/azuay\/wp-content\/uploads\/2011\/10\/image005_600x301.jpg\" height=\"326\" width=\"650\" srcset=\"https:\/\/gobiernoparroquialremigiocrespo.gob.ec\/azuay\/wp-content\/uploads\/2011\/10\/image005_600x301.jpg 650w, https:\/\/gobiernoparroquialremigiocrespo.gob.ec\/azuay\/wp-content\/uploads\/2011\/10\/image005_600x301-300x150.jpg 300w\" sizes=\"auto, (max-width: 650px) 100vw, 650px\" \/><\/strong><\/p>\n<p style=\"text-align: justify;\"><span>Las Casas Comunales son considerados centros de integraci\u00f3n, donde se socializan los proyectos de la comunidad o sector, con el af\u00e1n de discutirlos luego en la Junta Parroquial, en Gulag se ha caracterizado por una organizaci\u00f3n impecable y una comunicaci\u00f3n horizontal que permite llegar a acuerdos.<\/span><\/p>\n","protected":false},"excerpt":{"rendered":"<p>Casas de Integraci\u00f3n Las Casas Comunales son considerados centros de integraci\u00f3n, donde se socializan los proyectos de la comunidad o sector, con el af\u00e1n de discutirlos luego en la Junta Parroquial, en Gulag se ha caracterizado por una organizaci\u00f3n impecable y una comunicaci\u00f3n horizontal que permite llegar a acuerdos.<\/p>\n","protected":false},"author":8,"featured_media":113,"comment_status":"closed","ping_status":"closed","sticky":false,"template":"","format":"standard","meta":{"footnotes":""},"categories":[10],"tags":[],"class_list":["post-114","post","type-post","status-publish","format-standard","has-post-thumbnail","hentry","category-c36-ultimas-noticias"],"yoast_head":"<!-- This site is optimized with the Yoast SEO plugin v24.1 - https:\/\/yoast.com\/wordpress\/plugins\/seo\/ -->\n<title>Leyendas y tradiciones - GAD Parroquial de Remigio Crespo Toral<\/title>\n<meta name=\"robots\" content=\"index, follow, max-snippet:-1, max-image-preview:large, max-video-preview:-1\" \/>\n<link rel=\"canonical\" href=\"https:\/\/gobiernoparroquialremigiocrespo.gob.ec\/azuay\/leyendas-y-tradiciones\/\" \/>\n<meta property=\"og:locale\" content=\"es_ES\" \/>\n<meta property=\"og:type\" content=\"article\" \/>\n<meta property=\"og:title\" content=\"Leyendas y tradiciones - GAD Parroquial de Remigio Crespo Toral\" \/>\n<meta property=\"og:description\" content=\"Casas de Integraci\u00f3n Las Casas Comunales son considerados centros de integraci\u00f3n, donde se socializan los proyectos de la comunidad o sector, con el af\u00e1n de discutirlos luego en la Junta Parroquial, en Gulag se ha caracterizado por una organizaci\u00f3n impecable y una comunicaci\u00f3n horizontal que permite llegar a acuerdos.\" \/>\n<meta property=\"og:url\" content=\"https:\/\/gobiernoparroquialremigiocrespo.gob.ec\/azuay\/leyendas-y-tradiciones\/\" \/>\n<meta property=\"og:site_name\" content=\"GAD Parroquial de Remigio Crespo Toral\" \/>\n<meta property=\"article:published_time\" content=\"2011-10-04T20:08:39+00:00\" \/>\n<meta property=\"og:image\" content=\"https:\/\/gobiernoparroquialremigiocrespo.gob.ec\/azuay\/wp-content\/uploads\/2011\/10\/image005_600x301.jpg\" \/>\n\t<meta property=\"og:image:width\" content=\"650\" \/>\n\t<meta property=\"og:image:height\" content=\"326\" \/>\n\t<meta property=\"og:image:type\" content=\"image\/jpeg\" \/>\n<meta name=\"author\" content=\"agobiernoparroquialremigiocrespo\" \/>\n<meta name=\"twitter:card\" content=\"summary_large_image\" \/>\n<meta name=\"twitter:label1\" content=\"Escrito por\" \/>\n\t<meta name=\"twitter:data1\" content=\"agobiernoparroquialremigiocrespo\" \/>\n<script type=\"application\/ld+json\" class=\"yoast-schema-graph\">{\"@context\":\"https:\/\/schema.org\",\"@graph\":[{\"@type\":\"WebPage\",\"@id\":\"https:\/\/gobiernoparroquialremigiocrespo.gob.ec\/azuay\/leyendas-y-tradiciones\/\",\"url\":\"https:\/\/gobiernoparroquialremigiocrespo.gob.ec\/azuay\/leyendas-y-tradiciones\/\",\"name\":\"Leyendas y tradiciones - GAD Parroquial de Remigio Crespo Toral\",\"isPartOf\":{\"@id\":\"https:\/\/gobiernoparroquialremigiocrespo.gob.ec\/azuay\/#website\"},\"primaryImageOfPage\":{\"@id\":\"https:\/\/gobiernoparroquialremigiocrespo.gob.ec\/azuay\/leyendas-y-tradiciones\/#primaryimage\"},\"image\":{\"@id\":\"https:\/\/gobiernoparroquialremigiocrespo.gob.ec\/azuay\/leyendas-y-tradiciones\/#primaryimage\"},\"thumbnailUrl\":\"https:\/\/gobiernoparroquialremigiocrespo.gob.ec\/azuay\/wp-content\/uploads\/2011\/10\/image005_600x301.jpg\",\"datePublished\":\"2011-10-04T20:08:39+00:00\",\"dateModified\":\"2011-10-04T20:08:39+00:00\",\"author\":{\"@id\":\"https:\/\/gobiernoparroquialremigiocrespo.gob.ec\/azuay\/#\/schema\/person\/e3d1e1e8999a1eb4e9a41aa8e30f50eb\"},\"breadcrumb\":{\"@id\":\"https:\/\/gobiernoparroquialremigiocrespo.gob.ec\/azuay\/leyendas-y-tradiciones\/#breadcrumb\"},\"inLanguage\":\"es\",\"potentialAction\":[{\"@type\":\"ReadAction\",\"target\":[\"https:\/\/gobiernoparroquialremigiocrespo.gob.ec\/azuay\/leyendas-y-tradiciones\/\"]}]},{\"@type\":\"ImageObject\",\"inLanguage\":\"es\",\"@id\":\"https:\/\/gobiernoparroquialremigiocrespo.gob.ec\/azuay\/leyendas-y-tradiciones\/#primaryimage\",\"url\":\"https:\/\/gobiernoparroquialremigiocrespo.gob.ec\/azuay\/wp-content\/uploads\/2011\/10\/image005_600x301.jpg\",\"contentUrl\":\"https:\/\/gobiernoparroquialremigiocrespo.gob.ec\/azuay\/wp-content\/uploads\/2011\/10\/image005_600x301.jpg\",\"width\":650,\"height\":326,\"caption\":\"image005_600x301\"},{\"@type\":\"BreadcrumbList\",\"@id\":\"https:\/\/gobiernoparroquialremigiocrespo.gob.ec\/azuay\/leyendas-y-tradiciones\/#breadcrumb\",\"itemListElement\":[{\"@type\":\"ListItem\",\"position\":1,\"name\":\"Home\",\"item\":\"https:\/\/gobiernoparroquialremigiocrespo.gob.ec\/azuay\/\"},{\"@type\":\"ListItem\",\"position\":2,\"name\":\"Leyendas y tradiciones\"}]},{\"@type\":\"WebSite\",\"@id\":\"https:\/\/gobiernoparroquialremigiocrespo.gob.ec\/azuay\/#website\",\"url\":\"https:\/\/gobiernoparroquialremigiocrespo.gob.ec\/azuay\/\",\"name\":\"GAD Parroquial de Remigio Crespo Toral\",\"description\":\"Sitio Oficial de  la Parroquia de Remigio Crespo Toral\",\"potentialAction\":[{\"@type\":\"SearchAction\",\"target\":{\"@type\":\"EntryPoint\",\"urlTemplate\":\"https:\/\/gobiernoparroquialremigiocrespo.gob.ec\/azuay\/?s={search_term_string}\"},\"query-input\":{\"@type\":\"PropertyValueSpecification\",\"valueRequired\":true,\"valueName\":\"search_term_string\"}}],\"inLanguage\":\"es\"},{\"@type\":\"Person\",\"@id\":\"https:\/\/gobiernoparroquialremigiocrespo.gob.ec\/azuay\/#\/schema\/person\/e3d1e1e8999a1eb4e9a41aa8e30f50eb\",\"name\":\"agobiernoparroquialremigiocrespo\",\"image\":{\"@type\":\"ImageObject\",\"inLanguage\":\"es\",\"@id\":\"https:\/\/gobiernoparroquialremigiocrespo.gob.ec\/azuay\/#\/schema\/person\/image\/\",\"url\":\"https:\/\/secure.gravatar.com\/avatar\/b7ceb8d4252728c0b1d1cd3b9cad0763b9c634e606648daa884e5ee6d60d6ebc?s=96&d=mm&r=g\",\"contentUrl\":\"https:\/\/secure.gravatar.com\/avatar\/b7ceb8d4252728c0b1d1cd3b9cad0763b9c634e606648daa884e5ee6d60d6ebc?s=96&d=mm&r=g\",\"caption\":\"agobiernoparroquialremigiocrespo\"},\"url\":\"https:\/\/gobiernoparroquialremigiocrespo.gob.ec\/azuay\/author\/agobiernoparroquialremigiocrespo\/\"}]}<\/script>\n<!-- \/ Yoast SEO plugin. -->","yoast_head_json":{"title":"Leyendas y tradiciones - GAD Parroquial de Remigio Crespo Toral","robots":{"index":"index","follow":"follow","max-snippet":"max-snippet:-1","max-image-preview":"max-image-preview:large","max-video-preview":"max-video-preview:-1"},"canonical":"https:\/\/gobiernoparroquialremigiocrespo.gob.ec\/azuay\/leyendas-y-tradiciones\/","og_locale":"es_ES","og_type":"article","og_title":"Leyendas y tradiciones - GAD Parroquial de Remigio Crespo Toral","og_description":"Casas de Integraci\u00f3n Las Casas Comunales son considerados centros de integraci\u00f3n, donde se socializan los proyectos de la comunidad o sector, con el af\u00e1n de discutirlos luego en la Junta Parroquial, en Gulag se ha caracterizado por una organizaci\u00f3n impecable y una comunicaci\u00f3n horizontal que permite llegar a acuerdos.","og_url":"https:\/\/gobiernoparroquialremigiocrespo.gob.ec\/azuay\/leyendas-y-tradiciones\/","og_site_name":"GAD Parroquial de Remigio Crespo Toral","article_published_time":"2011-10-04T20:08:39+00:00","og_image":[{"width":650,"height":326,"url":"https:\/\/gobiernoparroquialremigiocrespo.gob.ec\/azuay\/wp-content\/uploads\/2011\/10\/image005_600x301.jpg","type":"image\/jpeg"}],"author":"agobiernoparroquialremigiocrespo","twitter_card":"summary_large_image","twitter_misc":{"Escrito por":"agobiernoparroquialremigiocrespo"},"schema":{"@context":"https:\/\/schema.org","@graph":[{"@type":"WebPage","@id":"https:\/\/gobiernoparroquialremigiocrespo.gob.ec\/azuay\/leyendas-y-tradiciones\/","url":"https:\/\/gobiernoparroquialremigiocrespo.gob.ec\/azuay\/leyendas-y-tradiciones\/","name":"Leyendas y tradiciones - GAD Parroquial de Remigio Crespo Toral","isPartOf":{"@id":"https:\/\/gobiernoparroquialremigiocrespo.gob.ec\/azuay\/#website"},"primaryImageOfPage":{"@id":"https:\/\/gobiernoparroquialremigiocrespo.gob.ec\/azuay\/leyendas-y-tradiciones\/#primaryimage"},"image":{"@id":"https:\/\/gobiernoparroquialremigiocrespo.gob.ec\/azuay\/leyendas-y-tradiciones\/#primaryimage"},"thumbnailUrl":"https:\/\/gobiernoparroquialremigiocrespo.gob.ec\/azuay\/wp-content\/uploads\/2011\/10\/image005_600x301.jpg","datePublished":"2011-10-04T20:08:39+00:00","dateModified":"2011-10-04T20:08:39+00:00","author":{"@id":"https:\/\/gobiernoparroquialremigiocrespo.gob.ec\/azuay\/#\/schema\/person\/e3d1e1e8999a1eb4e9a41aa8e30f50eb"},"breadcrumb":{"@id":"https:\/\/gobiernoparroquialremigiocrespo.gob.ec\/azuay\/leyendas-y-tradiciones\/#breadcrumb"},"inLanguage":"es","potentialAction":[{"@type":"ReadAction","target":["https:\/\/gobiernoparroquialremigiocrespo.gob.ec\/azuay\/leyendas-y-tradiciones\/"]}]},{"@type":"ImageObject","inLanguage":"es","@id":"https:\/\/gobiernoparroquialremigiocrespo.gob.ec\/azuay\/leyendas-y-tradiciones\/#primaryimage","url":"https:\/\/gobiernoparroquialremigiocrespo.gob.ec\/azuay\/wp-content\/uploads\/2011\/10\/image005_600x301.jpg","contentUrl":"https:\/\/gobiernoparroquialremigiocrespo.gob.ec\/azuay\/wp-content\/uploads\/2011\/10\/image005_600x301.jpg","width":650,"height":326,"caption":"image005_600x301"},{"@type":"BreadcrumbList","@id":"https:\/\/gobiernoparroquialremigiocrespo.gob.ec\/azuay\/leyendas-y-tradiciones\/#breadcrumb","itemListElement":[{"@type":"ListItem","position":1,"name":"Home","item":"https:\/\/gobiernoparroquialremigiocrespo.gob.ec\/azuay\/"},{"@type":"ListItem","position":2,"name":"Leyendas y tradiciones"}]},{"@type":"WebSite","@id":"https:\/\/gobiernoparroquialremigiocrespo.gob.ec\/azuay\/#website","url":"https:\/\/gobiernoparroquialremigiocrespo.gob.ec\/azuay\/","name":"GAD Parroquial de Remigio Crespo Toral","description":"Sitio Oficial de  la Parroquia de Remigio Crespo Toral","potentialAction":[{"@type":"SearchAction","target":{"@type":"EntryPoint","urlTemplate":"https:\/\/gobiernoparroquialremigiocrespo.gob.ec\/azuay\/?s={search_term_string}"},"query-input":{"@type":"PropertyValueSpecification","valueRequired":true,"valueName":"search_term_string"}}],"inLanguage":"es"},{"@type":"Person","@id":"https:\/\/gobiernoparroquialremigiocrespo.gob.ec\/azuay\/#\/schema\/person\/e3d1e1e8999a1eb4e9a41aa8e30f50eb","name":"agobiernoparroquialremigiocrespo","image":{"@type":"ImageObject","inLanguage":"es","@id":"https:\/\/gobiernoparroquialremigiocrespo.gob.ec\/azuay\/#\/schema\/person\/image\/","url":"https:\/\/secure.gravatar.com\/avatar\/b7ceb8d4252728c0b1d1cd3b9cad0763b9c634e606648daa884e5ee6d60d6ebc?s=96&d=mm&r=g","contentUrl":"https:\/\/secure.gravatar.com\/avatar\/b7ceb8d4252728c0b1d1cd3b9cad0763b9c634e606648daa884e5ee6d60d6ebc?s=96&d=mm&r=g","caption":"agobiernoparroquialremigiocrespo"},"url":"https:\/\/gobiernoparroquialremigiocrespo.gob.ec\/azuay\/author\/agobiernoparroquialremigiocrespo\/"}]}},"_links":{"self":[{"href":"https:\/\/gobiernoparroquialremigiocrespo.gob.ec\/azuay\/wp-json\/wp\/v2\/posts\/114","targetHints":{"allow":["GET"]}}],"collection":[{"href":"https:\/\/gobiernoparroquialremigiocrespo.gob.ec\/azuay\/wp-json\/wp\/v2\/posts"}],"about":[{"href":"https:\/\/gobiernoparroquialremigiocrespo.gob.ec\/azuay\/wp-json\/wp\/v2\/types\/post"}],"author":[{"embeddable":true,"href":"https:\/\/gobiernoparroquialremigiocrespo.gob.ec\/azuay\/wp-json\/wp\/v2\/users\/8"}],"replies":[{"embeddable":true,"href":"https:\/\/gobiernoparroquialremigiocrespo.gob.ec\/azuay\/wp-json\/wp\/v2\/comments?post=114"}],"version-history":[{"count":0,"href":"https:\/\/gobiernoparroquialremigiocrespo.gob.ec\/azuay\/wp-json\/wp\/v2\/posts\/114\/revisions"}],"wp:featuredmedia":[{"embeddable":true,"href":"https:\/\/gobiernoparroquialremigiocrespo.gob.ec\/azuay\/wp-json\/wp\/v2\/media\/113"}],"wp:attachment":[{"href":"https:\/\/gobiernoparroquialremigiocrespo.gob.ec\/azuay\/wp-json\/wp\/v2\/media?parent=114"}],"wp:term":[{"taxonomy":"category","embeddable":true,"href":"https:\/\/gobiernoparroquialremigiocrespo.gob.ec\/azuay\/wp-json\/wp\/v2\/categories?post=114"},{"taxonomy":"post_tag","embeddable":true,"href":"https:\/\/gobiernoparroquialremigiocrespo.gob.ec\/azuay\/wp-json\/wp\/v2\/tags?post=114"}],"curies":[{"name":"wp","href":"https:\/\/api.w.org\/{rel}","templated":true}]}}